{"id":880450,"date":"2011-12-21T09:52:20","date_gmt":"2011-12-21T08:52:20","guid":{"rendered":"https:\/\/www.fagorautomation.com\/afm-y-amt-se-unen-para-conformar-una-asociacion-mas-fuerte\/"},"modified":"2022-09-07T12:19:51","modified_gmt":"2022-09-07T11:19:51","slug":"afm-y-amt-se-unen-para-conformar-una-asociacion-mas-fuerte","status":"publish","type":"post","link":"https:\/\/www.fagorautomation.com\/es\/afm-y-amt-se-unen-para-conformar-una-asociacion-mas-fuerte\/","title":{"rendered":"AFM y AMT se unen para conformar una asociaci\u00f3n m\u00e1s fuerte"},"content":{"rendered":"<p style=\"text-align: justify;\">Se ha culminado el proceso de integraci\u00f3n que <strong>AMT<\/strong> (Asociaci\u00f3n Espa\u00f1ola de Fabricantes de Accesorios, Componentes y Herramientas) y <strong>AFM<\/strong> (Asociaci\u00f3n Espa\u00f1ola de Fabricantes de M\u00e1quinas\u2010herramienta) iniciaron hace casi dos a\u00f1os, con el objetivo de convertirse en <strong>una \u00fanica asociaci\u00f3n, m\u00e1s fuerte y representativa, y con renovadas capacidades de prestar servicio al Sector de las Tecnolog\u00edas de Fabricaci\u00f3n.<!--more--><\/strong><\/p>\n<p style=\"text-align: justify;\">Las respectivas asambleas de ambas asociaciones han aprobado los Estatutos de la nueva asociaci\u00f3n, y han elegido a los 17 miembros de su Consejo Directivo que estar\u00e1 presidido por Jos\u00e9 Ignacio Torrecilla.<\/p>\n<p style=\"text-align: justify;\">La nueva masa social contar\u00e1 con <strong>138 empresas asociadas con un potencial de facturaci\u00f3n cercano a los 1.500 millones de euros<\/strong>. El Sector representado supone un colectivo de 7.000 personas empleadas de manera directa, y se estima que, al menos, otros tantos de manera indirecta.<\/p>\n<p style=\"text-align: justify;\">En esta nueva etapa se pretenden afrontar de manera conjunta, y m\u00e1s intensa si cabe, los retos del sector con respecto a la dimensi\u00f3n de las empresas, la necesidad de una presencia internacional m\u00e1s decidida y la colaboraci\u00f3n en aspectos como la innovaci\u00f3n.<\/p>\n<p style=\"text-align: justify;\">\n","protected":false},"excerpt":{"rendered":"<p>Se ha culminado el proceso de integraci\u00f3n que AMT (Asociaci\u00f3n Espa\u00f1ola de Fabricantes de Accesorios, &#8230; <a title=\"AFM y AMT se unen para conformar una asociaci\u00f3n m\u00e1s fuerte\" class=\"read-more\" href=\"https:\/\/www.fagorautomation.com\/es\/afm-y-amt-se-unen-para-conformar-una-asociacion-mas-fuerte\/\" aria-label=\"Leer m\u00e1s sobre AFM y AMT se unen para conformar una asociaci\u00f3n m\u00e1s fuerte\"> <\/a><\/p>\n","protected":false},"author":1,"featured_media":0,"comment_status":"open","ping_status":"open","sticky":false,"template":"","format":"standard","meta":{"_acf_changed":false,"footnotes":""},"categories":[247],"tags":[],"class_list":["post-880450","post","type-post","status-publish","format-standard","hentry","category-general","generate-columns","tablet-grid-50","mobile-grid-100","grid-parent","grid-33"],"acf":[],"featured_media_src_url":null,"wpml_current_locale":"es_ES","wpml_translations":[],"_links":{"self":[{"href":"https:\/\/www.fagorautomation.com\/es\/wp-json\/wp\/v2\/posts\/880450","targetHints":{"allow":["GET"]}}],"collection":[{"href":"https:\/\/www.fagorautomation.com\/es\/wp-json\/wp\/v2\/posts"}],"about":[{"href":"https:\/\/www.fagorautomation.com\/es\/wp-json\/wp\/v2\/types\/post"}],"author":[{"embeddable":true,"href":"https:\/\/www.fagorautomation.com\/es\/wp-json\/wp\/v2\/users\/1"}],"replies":[{"embeddable":true,"href":"https:\/\/www.fagorautomation.com\/es\/wp-json\/wp\/v2\/comments?post=880450"}],"version-history":[{"count":0,"href":"https:\/\/www.fagorautomation.com\/es\/wp-json\/wp\/v2\/posts\/880450\/revisions"}],"wp:attachment":[{"href":"https:\/\/www.fagorautomation.com\/es\/wp-json\/wp\/v2\/media?parent=880450"}],"wp:term":[{"taxonomy":"category","embeddable":true,"href":"https:\/\/www.fagorautomation.com\/es\/wp-json\/wp\/v2\/categories?post=880450"},{"taxonomy":"post_tag","embeddable":true,"href":"https:\/\/www.fagorautomation.com\/es\/wp-json\/wp\/v2\/tags?post=880450"}],"curies":[{"name":"wp","href":"https:\/\/api.w.org\/{rel}","templated":true}]}}